{"id":6016,"date":"2022-03-09T15:24:38","date_gmt":"2022-03-09T14:24:38","guid":{"rendered":"https:\/\/www.ffpjp69.com\/?p=6016"},"modified":"2022-06-07T19:46:51","modified_gmt":"2022-06-07T17:46:51","slug":"3eme-place-au-bol-dor","status":"publish","type":"post","link":"https:\/\/www.ffpjp69.com\/index.php\/2022\/03\/09\/3eme-place-au-bol-dor\/","title":{"rendered":"3\u00e8me place au Bol d&rsquo;or !"},"content":{"rendered":"\n<figure class=\"wp-block-gallery has-nested-images columns-default is-cropped wp-block-gallery-1 is-layout-flex wp-block-gallery-is-layout-flex\">\n<figure class=\"wp-block-image size-large\"><img loading=\"lazy\" decoding=\"async\" width=\"1024\" height=\"831\" data-id=\"6055\" src=\"https:\/\/www.ffpjp69.com\/wp-content\/uploads\/2022\/03\/received_976210619698783-1-1024x831.jpeg\" alt=\"\" class=\"wp-image-6055\" srcset=\"https:\/\/www.ffpjp69.com\/wp-content\/uploads\/2022\/03\/received_976210619698783-1-1024x831.jpeg 1024w, https:\/\/www.ffpjp69.com\/wp-content\/uploads\/2022\/03\/received_976210619698783-1-300x243.jpeg 300w, https:\/\/www.ffpjp69.com\/wp-content\/uploads\/2022\/03\/received_976210619698783-1-768x623.jpeg 768w, https:\/\/www.ffpjp69.com\/wp-content\/uploads\/2022\/03\/received_976210619698783-1.jpeg 1306w\" sizes=\"auto, (max-width: 1024px) 100vw, 1024px\" \/><\/figure>\n<\/figure>\n\n\n\n<p>Le 5 et 6 mars s&rsquo;est d\u00e9roul\u00e9 \u00e0 Valence, la 35\u00e8me \u00e9dition du mini Bol d&rsquo;or f\u00e9minin, 3 \u00e9quipes du d\u00e9partement \u00e9taient pr\u00e9sentes pour repr\u00e9senter la r\u00e9gion, Une \u00e9quipe du club de la Calade, une \u00e9quipe de Saint-Fons et une de Bron Terraillon. Rosa Parenti \u00e9tait la d\u00e9l\u00e9gu\u00e9e du CD69 sur les lieux, accompagn\u00e9e de son binome, Cristina Zanet, \u00e9galement membre du CD69  la comp\u00e9tition fut un succ\u00e8s et une fois de plus, le Rh\u00f4ne a su se d\u00e9marquer en remportant la 3\u00e8me place du podium. On retrouve dans le classement final, La Calade en 3eme place, Bron Terraillon en 6\u00e8me position et Saint-Fons qui s&rsquo;est bien battu. Rendez vous en 2023 pour le prochain bol d&rsquo;or.<\/p>\n\n\n\n<figure class=\"wp-block-gallery has-nested-images columns-default is-cropped wp-block-gallery-2 is-layout-flex wp-block-gallery-is-layout-flex\">\n<figure class=\"wp-block-image size-large\"><img loading=\"lazy\" decoding=\"async\" width=\"1024\" height=\"768\" data-id=\"6045\" src=\"https:\/\/www.ffpjp69.com\/wp-content\/uploads\/2022\/03\/received_679850433367087-1024x768.jpeg\" alt=\"\" class=\"wp-image-6045\" srcset=\"https:\/\/www.ffpjp69.com\/wp-content\/uploads\/2022\/03\/received_679850433367087-1024x768.jpeg 1024w, https:\/\/www.ffpjp69.com\/wp-content\/uploads\/2022\/03\/received_679850433367087-300x225.jpeg 300w, https:\/\/www.ffpjp69.com\/wp-content\/uploads\/2022\/03\/received_679850433367087-768x576.jpeg 768w, https:\/\/www.ffpjp69.com\/wp-content\/uploads\/2022\/03\/received_679850433367087-1536x1152.jpeg 1536w, https:\/\/www.ffpjp69.com\/wp-content\/uploads\/2022\/03\/received_679850433367087.jpeg 2048w\" sizes=\"auto, (max-width: 1024px) 100vw, 1024px\" \/><figcaption>\u00e9quipe de Bron    <\/figcaption><\/figure>\n\n\n\n<figure class=\"wp-block-image size-large\"><img loading=\"lazy\" decoding=\"async\" width=\"1024\" height=\"768\" data-id=\"6044\" src=\"https:\/\/www.ffpjp69.com\/wp-content\/uploads\/2022\/03\/received_1084462382115740-1024x768.jpeg\" alt=\"\" class=\"wp-image-6044\" srcset=\"https:\/\/www.ffpjp69.com\/wp-content\/uploads\/2022\/03\/received_1084462382115740-1024x768.jpeg 1024w, https:\/\/www.ffpjp69.com\/wp-content\/uploads\/2022\/03\/received_1084462382115740-300x225.jpeg 300w, https:\/\/www.ffpjp69.com\/wp-content\/uploads\/2022\/03\/received_1084462382115740-768x576.jpeg 768w, https:\/\/www.ffpjp69.com\/wp-content\/uploads\/2022\/03\/received_1084462382115740-1536x1152.jpeg 1536w, https:\/\/www.ffpjp69.com\/wp-content\/uploads\/2022\/03\/received_1084462382115740.jpeg 2048w\" sizes=\"auto, (max-width: 1024px) 100vw, 1024px\" \/><figcaption>\u00e9quipe de Saint Fons<\/figcaption><\/figure>\n\n\n\n<figure class=\"wp-block-image size-large\"><img decoding=\"async\" data-id=\"6046\" src=\"https:\/\/www.ffpjp69.com\/wp-content\/uploads\/2022\/03\/received_5084631978249680-1024x768.jpeg\" alt=\"\" class=\"wp-image-6046\"\/><figcaption>\u00e9quipe de la Calade<\/figcaption><\/figure>\n<\/figure>\n\n\n\n<p>Photos prises le 5 et 6 mars par Cristina Zanet.<\/p>\n","protected":false},"excerpt":{"rendered":"<p>Le 5 et 6 mars s&rsquo;est d\u00e9roul\u00e9 \u00e0 Valence, la 35\u00e8me \u00e9dition du mini Bol&#8230;<\/p>\n","protected":false},"author":1,"featured_media":6056,"comment_status":"closed","ping_status":"open","sticky":false,"template":"","format":"standard","meta":{"footnotes":""},"categories":[148],"tags":[],"class_list":["post-6016","post","type-post","status-publish","format-standard","has-post-thumbnail","hentry","category-resultat"],"_links":{"self":[{"href":"https:\/\/www.ffpjp69.com\/index.php\/wp-json\/wp\/v2\/posts\/6016","targetHints":{"allow":["GET"]}}],"collection":[{"href":"https:\/\/www.ffpjp69.com\/index.php\/wp-json\/wp\/v2\/posts"}],"about":[{"href":"https:\/\/www.ffpjp69.com\/index.php\/wp-json\/wp\/v2\/types\/post"}],"author":[{"embeddable":true,"href":"https:\/\/www.ffpjp69.com\/index.php\/wp-json\/wp\/v2\/users\/1"}],"replies":[{"embeddable":true,"href":"https:\/\/www.ffpjp69.com\/index.php\/wp-json\/wp\/v2\/comments?post=6016"}],"version-history":[{"count":6,"href":"https:\/\/www.ffpjp69.com\/index.php\/wp-json\/wp\/v2\/posts\/6016\/revisions"}],"predecessor-version":[{"id":6143,"href":"https:\/\/www.ffpjp69.com\/index.php\/wp-json\/wp\/v2\/posts\/6016\/revisions\/6143"}],"wp:featuredmedia":[{"embeddable":true,"href":"https:\/\/www.ffpjp69.com\/index.php\/wp-json\/wp\/v2\/media\/6056"}],"wp:attachment":[{"href":"https:\/\/www.ffpjp69.com\/index.php\/wp-json\/wp\/v2\/media?parent=6016"}],"wp:term":[{"taxonomy":"category","embeddable":true,"href":"https:\/\/www.ffpjp69.com\/index.php\/wp-json\/wp\/v2\/categories?post=6016"},{"taxonomy":"post_tag","embeddable":true,"href":"https:\/\/www.ffpjp69.com\/index.php\/wp-json\/wp\/v2\/tags?post=6016"}],"curies":[{"name":"wp","href":"https:\/\/api.w.org\/{rel}","templated":true}]}}